{"id":1065,"date":"2026-02-18T15:38:00","date_gmt":"2026-02-18T14:38:00","guid":{"rendered":"https:\/\/laparalela.space\/btc001\/?p=1050"},"modified":"2026-04-21T13:21:53","modified_gmt":"2026-04-21T12:21:53","slug":"el-olor-de-benjui","status":"publish","type":"post","link":"https:\/\/botanicae.es\/es\/el-olor-de-benjui\/","title":{"rendered":"El olor de benju\u00ed"},"content":{"rendered":"<h3><strong>Benju\u00ed: una resina dulce y envolvente<\/strong><\/h3>\n<p><span style=\"font-family: Montserrat, serif;\"><span style=\"font-size: medium;\">El benju\u00ed es una resina natural de color miel que desprende un olor dulce. Se trata de un ingrediente muy popular entre perfumistas por varias razones. En primer lugar, el olor de benju\u00ed nos recuerda al aroma de la vainilla y del caramelo. Esta resina aporta sensualidad y calidez al perfume. Su tono dulce lo caracteriza por ser un aroma tranquilizante y equilibrante. Por otro lado, el benju\u00ed act\u00faa como excelente fijador de aromas. <\/span><\/span><\/p>\n<p><span style=\"font-family: Montserrat, serif;\"><span style=\"font-size: medium;\">Este ingrediente se extrae de especies de \u00e1rboles del g\u00e9nero Styrax. Este g\u00e9nero se encuentra en el hemisferio norte en zonas templadas y regiones tropicales de Asia y Sudam\u00e9rica. Adem\u00e1s de ser un ingrediente muy empleado en el mundo de la perfumer\u00eda, tambi\u00e9n se utiliza para crear cosm\u00e9ticos, aceites esenciales y composiciones naturales beneficiosas para la salud.<\/span><\/span><\/p>\n<p><span style=\"font-family: Montserrat, serif;\"><span style=\"font-size: medium;\">A menudo, el olor de benju\u00ed se combina con fragancias de \u00e1mbar en las que tambi\u00e9n est\u00e1 presente la vainilla. Pero, adem\u00e1s de estos ingredientes, el olor de benju\u00ed tambi\u00e9n se asocia a fragancias florales que desprenden aromas suaves y dulces.<\/span><\/span><\/p>\n<h3><strong>Una fragancia con alma de benju\u00ed<\/strong><\/h3>\n<p><span style=\"font-family: Montserrat, serif;\"><span style=\"font-size: medium;\">En Botanicae, empleamos benju\u00ed en la creaci\u00f3n de nuestro <a href=\"https:\/\/staging.botanicae.es\/producto\/matin-a-mogador\/\">perfume unisex Matin a Mogador<\/a>. Se trata de una fragancia oriental con notas equilibradas y acordes c\u00edtricos. Gracias a sus notas altas, de entre las que destaca el benju\u00ed, Matin a Mogador es un perfume sensual y atractivo que pueden llevar hombres y mujeres. Otras notas altas que componen este perfume son el comino, la violeta, el cuero, la bergamota y la verbena. Una mezcla de olores dulces y c\u00edtricos que caracterizan Matin A Mogador y rinden homenaje al aroma que desprende Oriente, lugar en el que est\u00e1 inspirado este perfume.<\/span><\/span><\/p>\n<p><span style=\"font-family: Montserrat, serif;\"><span style=\"font-size: medium;\">Si a ti tambi\u00e9n te gustan los aromas suaves, o los perfumes dulces con olor a vainilla y caramelo, nuestra fragancia Matin a Mogador te encantar\u00e1. Con su aroma sensual y armonioso te transportar\u00e1s a los confines de Oriente. <\/span><\/span><\/p>\n","protected":false},"excerpt":{"rendered":"<p>Benju\u00ed: una resina dulce y envolvente El benju\u00ed es una resina natural de color miel que desprende un olor dulce. Se trata de un ingrediente muy popular entre perfumistas por varias razones. En primer lugar, el olor de benju\u00ed nos recuerda al aroma de la vainilla y del caramelo. Esta resina aporta sensualidad y calidez [&hellip;]<\/p>\n","protected":false},"author":1130,"featured_media":1076,"comment_status":"open","ping_status":"closed","sticky":false,"template":"","format":"standard","meta":{"inline_featured_image":false,"footnotes":""},"categories":[69],"tags":[],"class_list":["post-1065","post","type-post","status-publish","format-standard","has-post-thumbnail","hentry","category-ingredientes"],"_links":{"self":[{"href":"https:\/\/botanicae.es\/es\/wp-json\/wp\/v2\/posts\/1065","targetHints":{"allow":["GET"]}}],"collection":[{"href":"https:\/\/botanicae.es\/es\/wp-json\/wp\/v2\/posts"}],"about":[{"href":"https:\/\/botanicae.es\/es\/wp-json\/wp\/v2\/types\/post"}],"author":[{"embeddable":true,"href":"https:\/\/botanicae.es\/es\/wp-json\/wp\/v2\/users\/1130"}],"replies":[{"embeddable":true,"href":"https:\/\/botanicae.es\/es\/wp-json\/wp\/v2\/comments?post=1065"}],"version-history":[{"count":1,"href":"https:\/\/botanicae.es\/es\/wp-json\/wp\/v2\/posts\/1065\/revisions"}],"predecessor-version":[{"id":20455,"href":"https:\/\/botanicae.es\/es\/wp-json\/wp\/v2\/posts\/1065\/revisions\/20455"}],"wp:featuredmedia":[{"embeddable":true,"href":"https:\/\/botanicae.es\/es\/wp-json\/wp\/v2\/media\/1076"}],"wp:attachment":[{"href":"https:\/\/botanicae.es\/es\/wp-json\/wp\/v2\/media?parent=1065"}],"wp:term":[{"taxonomy":"category","embeddable":true,"href":"https:\/\/botanicae.es\/es\/wp-json\/wp\/v2\/categories?post=1065"},{"taxonomy":"post_tag","embeddable":true,"href":"https:\/\/botanicae.es\/es\/wp-json\/wp\/v2\/tags?post=1065"}],"curies":[{"name":"wp","href":"https:\/\/api.w.org\/{rel}","templated":true}]}}